{"id":4165,"date":"2023-11-22T09:53:24","date_gmt":"2023-11-22T08:53:24","guid":{"rendered":"https:\/\/toetsch.com\/?p=4165"},"modified":"2023-11-22T10:45:51","modified_gmt":"2023-11-22T09:45:51","slug":"novembre-speciale-presso-toetsch","status":"publish","type":"post","link":"https:\/\/toetsch.com\/it\/novembre-speciale-presso-toetsch\/","title":{"rendered":"Novembre speciale presso T\u00f6tsch"},"content":{"rendered":"<div class=\"fusion-fullwidth fullwidth-box fusion-builder-row-1 fusion-flex-container nonhundred-percent-fullwidth non-hundred-percent-height-scrolling\" style=\"--awb-border-radius-top-left:0px;--awb-border-radius-top-right:0px;--awb-border-radius-bottom-right:0px;--awb-border-radius-bottom-left:0px;--awb-padding-bottom:0px;--awb-padding-top-medium:20px;--awb-padding-right-medium:30px;--awb-padding-left-medium:30px;--awb-padding-right-small:10px;--awb-padding-left-small:10px;--awb-flex-wrap:wrap;\" ><div class=\"fusion-builder-row fusion-row fusion-flex-align-items-flex-start fusion-flex-content-wrap\" style=\"max-width:1320.8px;margin-left: calc(-4% \/ 2 );margin-right: calc(-4% \/ 2 );\"><div class=\"fusion-layout-column fusion_builder_column fusion-builder-column-0 fusion_builder_column_1_6 1_6 fusion-flex-column fusion-no-small-visibility\" style=\"--awb-bg-size:cover;--awb-width-large:16.6666666667%;--awb-margin-top-large:5px;--awb-spacing-right-large:11.52%;--awb-margin-bottom-large:0px;--awb-spacing-left-large:11.52%;--awb-width-medium:100%;--awb-spacing-right-medium:1.92%;--awb-spacing-left-medium:1.92%;--awb-width-small:100%;--awb-spacing-right-small:1.92%;--awb-spacing-left-small:1.92%;\"><div class=\"fusion-column-wrapper fusion-column-has-shadow fusion-flex-justify-content-flex-start fusion-content-layout-column\"><\/div><\/div><div class=\"fusion-layout-column fusion_builder_column fusion-builder-column-1 fusion_builder_column_2_3 2_3 fusion-flex-column\" style=\"--awb-bg-size:cover;--awb-width-large:66.6666666667%;--awb-margin-top-large:25px;--awb-spacing-right-large:2.88%;--awb-margin-bottom-large:20px;--awb-spacing-left-large:2.88%;--awb-width-medium:100%;--awb-spacing-right-medium:1.92%;--awb-spacing-left-medium:1.92%;--awb-width-small:100%;--awb-spacing-right-small:1.92%;--awb-spacing-left-small:1.92%;\"><div class=\"fusion-column-wrapper fusion-column-has-shadow fusion-flex-justify-content-flex-start fusion-content-layout-column\"><div class=\"fusion-text fusion-text-1\"><p>Un novembre speciale presso T\u00f6tsch<\/p>\n<p>Su tutte le stanze da letto e letti &#8211; 20 %<\/p>\n<\/div><div class=\"awb-gallery-wrapper awb-gallery-wrapper-1 button-span-no\" style=\"--more-btn-alignment:center;\"><div style=\"margin:-10px;--awb-bordersize:0px;\" class=\"fusion-gallery fusion-gallery-container fusion-grid-3 fusion-columns-total-0 fusion-gallery-layout-grid fusion-gallery-1\"><\/div><\/div><\/div><\/div><div class=\"fusion-layout-column fusion_builder_column fusion-builder-column-2 fusion_builder_column_1_6 1_6 fusion-flex-column fusion-no-small-visibility\" style=\"--awb-bg-size:cover;--awb-width-large:16.6666666667%;--awb-margin-top-large:5px;--awb-spacing-right-large:11.52%;--awb-margin-bottom-large:0px;--awb-spacing-left-large:11.52%;--awb-width-medium:100%;--awb-spacing-right-medium:1.92%;--awb-spacing-left-medium:1.92%;--awb-width-small:100%;--awb-spacing-right-small:1.92%;--awb-spacing-left-small:1.92%;\"><div class=\"fusion-column-wrapper fusion-column-has-shadow fusion-flex-justify-content-flex-start fusion-content-layout-column\"><\/div><\/div><\/div><\/div>\n","protected":false},"excerpt":{"rendered":"","protected":false},"author":4,"featured_media":4157,"comment_status":"open","ping_status":"open","sticky":false,"template":"","format":"standard","meta":{"_acf_changed":false,"footnotes":""},"categories":[49],"tags":[],"class_list":["post-4165","post","type-post","status-publish","format-standard","has-post-thumbnail","hentry","category-novita"],"acf":[],"yoast_head":"<!-- This site is optimized with the Yoast SEO plugin v27.4 - https:\/\/yoast.com\/product\/yoast-seo-wordpress\/ -->\n<title>Novembre speciale presso T\u00f6tsch - Arredamenti T\u00f6tsch srl<\/title>\n<meta name=\"robots\" content=\"index, follow, max-snippet:-1, max-image-preview:large, max-video-preview:-1\" \/>\n<link rel=\"canonical\" href=\"https:\/\/toetsch.com\/it\/novembre-speciale-presso-toetsch\/\" \/>\n<meta property=\"og:locale\" content=\"it_IT\" \/>\n<meta property=\"og:type\" content=\"article\" \/>\n<meta property=\"og:title\" content=\"Novembre speciale presso T\u00f6tsch - Arredamenti T\u00f6tsch srl\" \/>\n<meta property=\"og:url\" content=\"https:\/\/toetsch.com\/it\/novembre-speciale-presso-toetsch\/\" \/>\n<meta property=\"og:site_name\" content=\"Arredamenti T\u00f6tsch srl\" \/>\n<meta property=\"article:publisher\" content=\"https:\/\/www.facebook.com\/pages\/Ttsch-Einrichtungshaus\/714996031848438\" \/>\n<meta property=\"article:published_time\" content=\"2023-11-22T08:53:24+00:00\" \/>\n<meta property=\"article:modified_time\" content=\"2023-11-22T09:45:51+00:00\" \/>\n<meta property=\"og:image\" content=\"https:\/\/toetsch.com\/wp-content\/uploads\/2023\/11\/Monat-des-Schlafs-11-2023-scaled.jpg\" \/>\n\t<meta property=\"og:image:width\" content=\"1835\" \/>\n\t<meta property=\"og:image:height\" content=\"2560\" \/>\n\t<meta property=\"og:image:type\" content=\"image\/jpeg\" \/>\n<meta name=\"author\" content=\"Kurt T\u00f6tsch\" \/>\n<meta name=\"twitter:card\" content=\"summary_large_image\" \/>\n<meta name=\"twitter:label1\" content=\"Scritto da\" \/>\n\t<meta name=\"twitter:data1\" content=\"Kurt T\u00f6tsch\" \/>\n\t<meta name=\"twitter:label2\" content=\"Tempo di lettura stimato\" \/>\n\t<meta name=\"twitter:data2\" content=\"5 minuti\" \/>\n<script type=\"application\/ld+json\" class=\"yoast-schema-graph\">{\"@context\":\"https:\\\/\\\/schema.org\",\"@graph\":[{\"@type\":\"Article\",\"@id\":\"https:\\\/\\\/toetsch.com\\\/it\\\/novembre-speciale-presso-toetsch\\\/#article\",\"isPartOf\":{\"@id\":\"https:\\\/\\\/toetsch.com\\\/it\\\/novembre-speciale-presso-toetsch\\\/\"},\"author\":{\"name\":\"Kurt T\u00f6tsch\",\"@id\":\"https:\\\/\\\/toetsch.com\\\/it\\\/#\\\/schema\\\/person\\\/de47bc7df9a8545574bdc774e3724386\"},\"headline\":\"Novembre speciale presso T\u00f6tsch\",\"datePublished\":\"2023-11-22T08:53:24+00:00\",\"dateModified\":\"2023-11-22T09:45:51+00:00\",\"mainEntityOfPage\":{\"@id\":\"https:\\\/\\\/toetsch.com\\\/it\\\/novembre-speciale-presso-toetsch\\\/\"},\"wordCount\":958,\"commentCount\":0,\"publisher\":{\"@id\":\"https:\\\/\\\/toetsch.com\\\/it\\\/#organization\"},\"image\":{\"@id\":\"https:\\\/\\\/toetsch.com\\\/it\\\/novembre-speciale-presso-toetsch\\\/#primaryimage\"},\"thumbnailUrl\":\"https:\\\/\\\/toetsch.com\\\/wp-content\\\/uploads\\\/2023\\\/11\\\/Monat-des-Schlafs-11-2023-scaled.jpg\",\"articleSection\":[\"Novit\u00e0\"],\"inLanguage\":\"it-IT\",\"potentialAction\":[{\"@type\":\"CommentAction\",\"name\":\"Comment\",\"target\":[\"https:\\\/\\\/toetsch.com\\\/it\\\/novembre-speciale-presso-toetsch\\\/#respond\"]}]},{\"@type\":\"WebPage\",\"@id\":\"https:\\\/\\\/toetsch.com\\\/it\\\/novembre-speciale-presso-toetsch\\\/\",\"url\":\"https:\\\/\\\/toetsch.com\\\/it\\\/novembre-speciale-presso-toetsch\\\/\",\"name\":\"Novembre speciale presso T\u00f6tsch - Arredamenti T\u00f6tsch srl\",\"isPartOf\":{\"@id\":\"https:\\\/\\\/toetsch.com\\\/it\\\/#website\"},\"primaryImageOfPage\":{\"@id\":\"https:\\\/\\\/toetsch.com\\\/it\\\/novembre-speciale-presso-toetsch\\\/#primaryimage\"},\"image\":{\"@id\":\"https:\\\/\\\/toetsch.com\\\/it\\\/novembre-speciale-presso-toetsch\\\/#primaryimage\"},\"thumbnailUrl\":\"https:\\\/\\\/toetsch.com\\\/wp-content\\\/uploads\\\/2023\\\/11\\\/Monat-des-Schlafs-11-2023-scaled.jpg\",\"datePublished\":\"2023-11-22T08:53:24+00:00\",\"dateModified\":\"2023-11-22T09:45:51+00:00\",\"breadcrumb\":{\"@id\":\"https:\\\/\\\/toetsch.com\\\/it\\\/novembre-speciale-presso-toetsch\\\/#breadcrumb\"},\"inLanguage\":\"it-IT\",\"potentialAction\":[{\"@type\":\"ReadAction\",\"target\":[\"https:\\\/\\\/toetsch.com\\\/it\\\/novembre-speciale-presso-toetsch\\\/\"]}]},{\"@type\":\"ImageObject\",\"inLanguage\":\"it-IT\",\"@id\":\"https:\\\/\\\/toetsch.com\\\/it\\\/novembre-speciale-presso-toetsch\\\/#primaryimage\",\"url\":\"https:\\\/\\\/toetsch.com\\\/wp-content\\\/uploads\\\/2023\\\/11\\\/Monat-des-Schlafs-11-2023-scaled.jpg\",\"contentUrl\":\"https:\\\/\\\/toetsch.com\\\/wp-content\\\/uploads\\\/2023\\\/11\\\/Monat-des-Schlafs-11-2023-scaled.jpg\",\"width\":1835,\"height\":2560},{\"@type\":\"BreadcrumbList\",\"@id\":\"https:\\\/\\\/toetsch.com\\\/it\\\/novembre-speciale-presso-toetsch\\\/#breadcrumb\",\"itemListElement\":[{\"@type\":\"ListItem\",\"position\":1,\"name\":\"Startseite\",\"item\":\"https:\\\/\\\/toetsch.com\\\/it\\\/\"},{\"@type\":\"ListItem\",\"position\":2,\"name\":\"Novembre speciale presso T\u00f6tsch\"}]},{\"@type\":\"WebSite\",\"@id\":\"https:\\\/\\\/toetsch.com\\\/it\\\/#website\",\"url\":\"https:\\\/\\\/toetsch.com\\\/it\\\/\",\"name\":\"Arredamenti T\u00f6tsch srl\",\"description\":\"K\u00fcchen, Schlafen, Wohnen, B\u00fcro, Design aus S\u00fcdtirol\",\"publisher\":{\"@id\":\"https:\\\/\\\/toetsch.com\\\/it\\\/#organization\"},\"potentialAction\":[{\"@type\":\"SearchAction\",\"target\":{\"@type\":\"EntryPoint\",\"urlTemplate\":\"https:\\\/\\\/toetsch.com\\\/it\\\/?s={search_term_string}\"},\"query-input\":{\"@type\":\"PropertyValueSpecification\",\"valueRequired\":true,\"valueName\":\"search_term_string\"}}],\"inLanguage\":\"it-IT\"},{\"@type\":\"Organization\",\"@id\":\"https:\\\/\\\/toetsch.com\\\/it\\\/#organization\",\"name\":\"T\u00f6tsch Einrichtungshaus\",\"alternateName\":\"Exklusive Wohnl\u00f6sungen h\u00f6chster Qualit\u00e4t\",\"url\":\"https:\\\/\\\/toetsch.com\\\/it\\\/\",\"logo\":{\"@type\":\"ImageObject\",\"inLanguage\":\"it-IT\",\"@id\":\"https:\\\/\\\/toetsch.com\\\/it\\\/#\\\/schema\\\/logo\\\/image\\\/\",\"url\":\"https:\\\/\\\/toetsch.com\\\/wp-content\\\/uploads\\\/2021\\\/01\\\/toetsch-logo-2x.png\",\"contentUrl\":\"https:\\\/\\\/toetsch.com\\\/wp-content\\\/uploads\\\/2021\\\/01\\\/toetsch-logo-2x.png\",\"width\":282,\"height\":56,\"caption\":\"T\u00f6tsch Einrichtungshaus\"},\"image\":{\"@id\":\"https:\\\/\\\/toetsch.com\\\/it\\\/#\\\/schema\\\/logo\\\/image\\\/\"},\"sameAs\":[\"https:\\\/\\\/www.facebook.com\\\/pages\\\/Ttsch-Einrichtungshaus\\\/714996031848438\"]},{\"@type\":\"Person\",\"@id\":\"https:\\\/\\\/toetsch.com\\\/it\\\/#\\\/schema\\\/person\\\/de47bc7df9a8545574bdc774e3724386\",\"name\":\"Kurt T\u00f6tsch\",\"url\":\"https:\\\/\\\/toetsch.com\\\/it\\\/author\\\/kurt\\\/\"}]}<\/script>\n<!-- \/ Yoast SEO plugin. -->","yoast_head_json":{"title":"Novembre speciale presso T\u00f6tsch - Arredamenti T\u00f6tsch srl","robots":{"index":"index","follow":"follow","max-snippet":"max-snippet:-1","max-image-preview":"max-image-preview:large","max-video-preview":"max-video-preview:-1"},"canonical":"https:\/\/toetsch.com\/it\/novembre-speciale-presso-toetsch\/","og_locale":"it_IT","og_type":"article","og_title":"Novembre speciale presso T\u00f6tsch - Arredamenti T\u00f6tsch srl","og_url":"https:\/\/toetsch.com\/it\/novembre-speciale-presso-toetsch\/","og_site_name":"Arredamenti T\u00f6tsch srl","article_publisher":"https:\/\/www.facebook.com\/pages\/Ttsch-Einrichtungshaus\/714996031848438","article_published_time":"2023-11-22T08:53:24+00:00","article_modified_time":"2023-11-22T09:45:51+00:00","og_image":[{"width":1835,"height":2560,"url":"https:\/\/toetsch.com\/wp-content\/uploads\/2023\/11\/Monat-des-Schlafs-11-2023-scaled.jpg","type":"image\/jpeg"}],"author":"Kurt T\u00f6tsch","twitter_card":"summary_large_image","twitter_misc":{"Scritto da":"Kurt T\u00f6tsch","Tempo di lettura stimato":"5 minuti"},"schema":{"@context":"https:\/\/schema.org","@graph":[{"@type":"Article","@id":"https:\/\/toetsch.com\/it\/novembre-speciale-presso-toetsch\/#article","isPartOf":{"@id":"https:\/\/toetsch.com\/it\/novembre-speciale-presso-toetsch\/"},"author":{"name":"Kurt T\u00f6tsch","@id":"https:\/\/toetsch.com\/it\/#\/schema\/person\/de47bc7df9a8545574bdc774e3724386"},"headline":"Novembre speciale presso T\u00f6tsch","datePublished":"2023-11-22T08:53:24+00:00","dateModified":"2023-11-22T09:45:51+00:00","mainEntityOfPage":{"@id":"https:\/\/toetsch.com\/it\/novembre-speciale-presso-toetsch\/"},"wordCount":958,"commentCount":0,"publisher":{"@id":"https:\/\/toetsch.com\/it\/#organization"},"image":{"@id":"https:\/\/toetsch.com\/it\/novembre-speciale-presso-toetsch\/#primaryimage"},"thumbnailUrl":"https:\/\/toetsch.com\/wp-content\/uploads\/2023\/11\/Monat-des-Schlafs-11-2023-scaled.jpg","articleSection":["Novit\u00e0"],"inLanguage":"it-IT","potentialAction":[{"@type":"CommentAction","name":"Comment","target":["https:\/\/toetsch.com\/it\/novembre-speciale-presso-toetsch\/#respond"]}]},{"@type":"WebPage","@id":"https:\/\/toetsch.com\/it\/novembre-speciale-presso-toetsch\/","url":"https:\/\/toetsch.com\/it\/novembre-speciale-presso-toetsch\/","name":"Novembre speciale presso T\u00f6tsch - Arredamenti T\u00f6tsch srl","isPartOf":{"@id":"https:\/\/toetsch.com\/it\/#website"},"primaryImageOfPage":{"@id":"https:\/\/toetsch.com\/it\/novembre-speciale-presso-toetsch\/#primaryimage"},"image":{"@id":"https:\/\/toetsch.com\/it\/novembre-speciale-presso-toetsch\/#primaryimage"},"thumbnailUrl":"https:\/\/toetsch.com\/wp-content\/uploads\/2023\/11\/Monat-des-Schlafs-11-2023-scaled.jpg","datePublished":"2023-11-22T08:53:24+00:00","dateModified":"2023-11-22T09:45:51+00:00","breadcrumb":{"@id":"https:\/\/toetsch.com\/it\/novembre-speciale-presso-toetsch\/#breadcrumb"},"inLanguage":"it-IT","potentialAction":[{"@type":"ReadAction","target":["https:\/\/toetsch.com\/it\/novembre-speciale-presso-toetsch\/"]}]},{"@type":"ImageObject","inLanguage":"it-IT","@id":"https:\/\/toetsch.com\/it\/novembre-speciale-presso-toetsch\/#primaryimage","url":"https:\/\/toetsch.com\/wp-content\/uploads\/2023\/11\/Monat-des-Schlafs-11-2023-scaled.jpg","contentUrl":"https:\/\/toetsch.com\/wp-content\/uploads\/2023\/11\/Monat-des-Schlafs-11-2023-scaled.jpg","width":1835,"height":2560},{"@type":"BreadcrumbList","@id":"https:\/\/toetsch.com\/it\/novembre-speciale-presso-toetsch\/#breadcrumb","itemListElement":[{"@type":"ListItem","position":1,"name":"Startseite","item":"https:\/\/toetsch.com\/it\/"},{"@type":"ListItem","position":2,"name":"Novembre speciale presso T\u00f6tsch"}]},{"@type":"WebSite","@id":"https:\/\/toetsch.com\/it\/#website","url":"https:\/\/toetsch.com\/it\/","name":"Arredamenti T\u00f6tsch srl","description":"K\u00fcchen, Schlafen, Wohnen, B\u00fcro, Design aus S\u00fcdtirol","publisher":{"@id":"https:\/\/toetsch.com\/it\/#organization"},"potentialAction":[{"@type":"SearchAction","target":{"@type":"EntryPoint","urlTemplate":"https:\/\/toetsch.com\/it\/?s={search_term_string}"},"query-input":{"@type":"PropertyValueSpecification","valueRequired":true,"valueName":"search_term_string"}}],"inLanguage":"it-IT"},{"@type":"Organization","@id":"https:\/\/toetsch.com\/it\/#organization","name":"T\u00f6tsch Einrichtungshaus","alternateName":"Exklusive Wohnl\u00f6sungen h\u00f6chster Qualit\u00e4t","url":"https:\/\/toetsch.com\/it\/","logo":{"@type":"ImageObject","inLanguage":"it-IT","@id":"https:\/\/toetsch.com\/it\/#\/schema\/logo\/image\/","url":"https:\/\/toetsch.com\/wp-content\/uploads\/2021\/01\/toetsch-logo-2x.png","contentUrl":"https:\/\/toetsch.com\/wp-content\/uploads\/2021\/01\/toetsch-logo-2x.png","width":282,"height":56,"caption":"T\u00f6tsch Einrichtungshaus"},"image":{"@id":"https:\/\/toetsch.com\/it\/#\/schema\/logo\/image\/"},"sameAs":["https:\/\/www.facebook.com\/pages\/Ttsch-Einrichtungshaus\/714996031848438"]},{"@type":"Person","@id":"https:\/\/toetsch.com\/it\/#\/schema\/person\/de47bc7df9a8545574bdc774e3724386","name":"Kurt T\u00f6tsch","url":"https:\/\/toetsch.com\/it\/author\/kurt\/"}]}},"_links":{"self":[{"href":"https:\/\/toetsch.com\/it\/wp-json\/wp\/v2\/posts\/4165","targetHints":{"allow":["GET"]}}],"collection":[{"href":"https:\/\/toetsch.com\/it\/wp-json\/wp\/v2\/posts"}],"about":[{"href":"https:\/\/toetsch.com\/it\/wp-json\/wp\/v2\/types\/post"}],"author":[{"embeddable":true,"href":"https:\/\/toetsch.com\/it\/wp-json\/wp\/v2\/users\/4"}],"replies":[{"embeddable":true,"href":"https:\/\/toetsch.com\/it\/wp-json\/wp\/v2\/comments?post=4165"}],"version-history":[{"count":2,"href":"https:\/\/toetsch.com\/it\/wp-json\/wp\/v2\/posts\/4165\/revisions"}],"predecessor-version":[{"id":4168,"href":"https:\/\/toetsch.com\/it\/wp-json\/wp\/v2\/posts\/4165\/revisions\/4168"}],"wp:featuredmedia":[{"embeddable":true,"href":"https:\/\/toetsch.com\/it\/wp-json\/wp\/v2\/media\/4157"}],"wp:attachment":[{"href":"https:\/\/toetsch.com\/it\/wp-json\/wp\/v2\/media?parent=4165"}],"wp:term":[{"taxonomy":"category","embeddable":true,"href":"https:\/\/toetsch.com\/it\/wp-json\/wp\/v2\/categories?post=4165"},{"taxonomy":"post_tag","embeddable":true,"href":"https:\/\/toetsch.com\/it\/wp-json\/wp\/v2\/tags?post=4165"}],"curies":[{"name":"wp","href":"https:\/\/api.w.org\/{rel}","templated":true}]}}