{"id":4411,"date":"2025-03-31T11:45:08","date_gmt":"2025-03-31T09:45:08","guid":{"rendered":"https:\/\/toetsch.com\/?p=4411"},"modified":"2025-10-23T17:18:55","modified_gmt":"2025-10-23T15:18:55","slug":"relaxsessel","status":"publish","type":"post","link":"https:\/\/toetsch.com\/it\/relaxsessel\/","title":{"rendered":"Poltrona Relax"},"content":{"rendered":"<div class=\"fusion-fullwidth fullwidth-box fusion-builder-row-1 fusion-flex-container nonhundred-percent-fullwidth non-hundred-percent-height-scrolling\" style=\"--awb-border-radius-top-left:0px;--awb-border-radius-top-right:0px;--awb-border-radius-bottom-right:0px;--awb-border-radius-bottom-left:0px;--awb-padding-bottom:0px;--awb-padding-top-medium:20px;--awb-padding-right-medium:30px;--awb-padding-left-medium:30px;--awb-padding-right-small:10px;--awb-padding-left-small:10px;--awb-flex-wrap:wrap;\" ><div class=\"fusion-builder-row fusion-row fusion-flex-align-items-flex-start fusion-flex-content-wrap\" style=\"max-width:1320.8px;margin-left: calc(-4% \/ 2 );margin-right: calc(-4% \/ 2 );\"><div class=\"fusion-layout-column fusion_builder_column fusion-builder-column-0 fusion_builder_column_1_6 1_6 fusion-flex-column fusion-no-small-visibility\" style=\"--awb-bg-size:cover;--awb-width-large:16.6666666667%;--awb-margin-top-large:5px;--awb-spacing-right-large:11.52%;--awb-margin-bottom-large:0px;--awb-spacing-left-large:11.52%;--awb-width-medium:100%;--awb-spacing-right-medium:1.92%;--awb-spacing-left-medium:1.92%;--awb-width-small:100%;--awb-spacing-right-small:1.92%;--awb-spacing-left-small:1.92%;\"><div class=\"fusion-column-wrapper fusion-column-has-shadow fusion-flex-justify-content-flex-start fusion-content-layout-column\"><\/div><\/div><div class=\"fusion-layout-column fusion_builder_column fusion-builder-column-1 fusion_builder_column_2_3 2_3 fusion-flex-column\" style=\"--awb-bg-size:cover;--awb-width-large:66.6666666667%;--awb-margin-top-large:25px;--awb-spacing-right-large:2.88%;--awb-margin-bottom-large:20px;--awb-spacing-left-large:2.88%;--awb-width-medium:100%;--awb-spacing-right-medium:1.92%;--awb-spacing-left-medium:1.92%;--awb-width-small:100%;--awb-spacing-right-small:1.92%;--awb-spacing-left-small:1.92%;\"><div class=\"fusion-column-wrapper fusion-column-has-shadow fusion-flex-justify-content-flex-start fusion-content-layout-column\"><div class=\"fusion-title title fusion-title-1 fusion-sep-none fusion-title-text fusion-title-size-two\"><h2 class=\"fusion-title-heading title-heading-left fusion-responsive-typography-calculated\" style=\"margin:0;--fontSize:44;line-height:1.26;\">Poltrona Relax<\/h2><\/div><div class=\"fusion-text fusion-text-1\"><p>A motore<\/p>\n<p>Connessione USB\/USB-C<\/p>\n<p>Poggiatesta regolabile in tre direzioni<\/p>\n<p>Piedi in metallo aspetto acciaio inossidabile<\/p>\n<p>Rivestimento in microfibra<\/p>\n<p>549,00.- \u20ac*<\/p>\n<p>*Prezzo di ritiro fino ad esaurimento scorte<\/p>\n<\/div><div class=\"fusion-separator fusion-full-width-sep\" style=\"align-self: center;margin-left: auto;margin-right: auto;margin-top:8%;width:100%;\"><div class=\"fusion-separator-border sep-single sep-solid\" style=\"--awb-height:20px;--awb-amount:20px;border-color:#e0dede;border-top-width:1px;\"><\/div><\/div><div class=\"awb-gallery-wrapper awb-gallery-wrapper-1 button-span-no\" style=\"--more-btn-alignment:center;\"><div style=\"margin:-10px;--awb-bordersize:0px;\" class=\"fusion-gallery fusion-gallery-container fusion-grid-2 fusion-columns-total-2 fusion-gallery-layout-grid fusion-gallery-1\"><div style=\"padding:10px;\" class=\"fusion-grid-column fusion-gallery-column fusion-gallery-column-2 hover-type-zoomin\"><div class=\"fusion-gallery-image\"><a href=\"https:\/\/toetsch.com\/wp-content\/uploads\/2025\/03\/499P2H-Light-16-3-scaled.jpg\" rel=\"noreferrer\" data-rel=\"iLightbox[gallery_image_1]\" class=\"fusion-lightbox\" target=\"_self\"><img decoding=\"async\" src=\"https:\/\/toetsch.com\/wp-content\/uploads\/2025\/03\/499P2H-Light-16-3-scaled.jpg\" width=\"1707\" height=\"2560\" alt=\"\" title=\"499P2H Light 16 (3)\" aria-label=\"499P2H Light 16 (3)\" class=\"img-responsive wp-image-4406\" srcset=\"https:\/\/toetsch.com\/wp-content\/uploads\/2025\/03\/499P2H-Light-16-3-200x300.jpg 200w, https:\/\/toetsch.com\/wp-content\/uploads\/2025\/03\/499P2H-Light-16-3-400x600.jpg 400w, https:\/\/toetsch.com\/wp-content\/uploads\/2025\/03\/499P2H-Light-16-3-600x900.jpg 600w, https:\/\/toetsch.com\/wp-content\/uploads\/2025\/03\/499P2H-Light-16-3-800x1200.jpg 800w, https:\/\/toetsch.com\/wp-content\/uploads\/2025\/03\/499P2H-Light-16-3-1200x1800.jpg 1200w, https:\/\/toetsch.com\/wp-content\/uploads\/2025\/03\/499P2H-Light-16-3-scaled.jpg 1707w\" sizes=\"(min-width: 2200px) 100vw, (min-width: 712px) 630px, (min-width: 640px) 712px, \" \/><\/a><\/div><\/div><div style=\"padding:10px;\" class=\"fusion-grid-column fusion-gallery-column fusion-gallery-column-2 hover-type-zoomin\"><div class=\"fusion-gallery-image\"><a href=\"https:\/\/toetsch.com\/wp-content\/uploads\/2025\/03\/499P2H-Light-16-4-scaled.jpg\" rel=\"noreferrer\" data-rel=\"iLightbox[gallery_image_1]\" class=\"fusion-lightbox\" target=\"_self\"><img decoding=\"async\" src=\"https:\/\/toetsch.com\/wp-content\/uploads\/2025\/03\/499P2H-Light-16-4-scaled.jpg\" width=\"2560\" height=\"1707\" alt=\"\" title=\"499P2H Light 16 (4)\" aria-label=\"499P2H Light 16 (4)\" class=\"img-responsive wp-image-4408\" srcset=\"https:\/\/toetsch.com\/wp-content\/uploads\/2025\/03\/499P2H-Light-16-4-200x133.jpg 200w, https:\/\/toetsch.com\/wp-content\/uploads\/2025\/03\/499P2H-Light-16-4-400x267.jpg 400w, https:\/\/toetsch.com\/wp-content\/uploads\/2025\/03\/499P2H-Light-16-4-600x400.jpg 600w, https:\/\/toetsch.com\/wp-content\/uploads\/2025\/03\/499P2H-Light-16-4-800x533.jpg 800w, https:\/\/toetsch.com\/wp-content\/uploads\/2025\/03\/499P2H-Light-16-4-1200x800.jpg 1200w, https:\/\/toetsch.com\/wp-content\/uploads\/2025\/03\/499P2H-Light-16-4-scaled.jpg 2560w\" sizes=\"(min-width: 2200px) 100vw, (min-width: 712px) 630px, (min-width: 640px) 712px, \" \/><\/a><\/div><\/div><div class=\"clearfix\"><\/div><\/div><\/div><\/div><\/div><div class=\"fusion-layout-column fusion_builder_column fusion-builder-column-2 fusion_builder_column_1_6 1_6 fusion-flex-column fusion-no-small-visibility\" style=\"--awb-bg-size:cover;--awb-width-large:16.6666666667%;--awb-margin-top-large:5px;--awb-spacing-right-large:11.52%;--awb-margin-bottom-large:0px;--awb-spacing-left-large:11.52%;--awb-width-medium:100%;--awb-spacing-right-medium:1.92%;--awb-spacing-left-medium:1.92%;--awb-width-small:100%;--awb-spacing-right-small:1.92%;--awb-spacing-left-small:1.92%;\"><div class=\"fusion-column-wrapper fusion-column-has-shadow fusion-flex-justify-content-flex-start fusion-content-layout-column\"><\/div><\/div><\/div><\/div>\n","protected":false},"excerpt":{"rendered":"","protected":false},"author":4,"featured_media":4557,"comment_status":"open","ping_status":"open","sticky":false,"template":"","format":"gallery","meta":{"_acf_changed":false,"footnotes":""},"categories":[35],"tags":[],"class_list":["post-4411","post","type-post","status-publish","format-gallery","has-post-thumbnail","hentry","category-occasioni","post_format-post-format-gallery"],"acf":[],"yoast_head":"<!-- This site is optimized with the Yoast SEO plugin v27.4 - https:\/\/yoast.com\/product\/yoast-seo-wordpress\/ -->\n<title>Poltrona Relax - Arredamenti T\u00f6tsch srl<\/title>\n<meta name=\"robots\" content=\"index, follow, max-snippet:-1, max-image-preview:large, max-video-preview:-1\" \/>\n<link rel=\"canonical\" href=\"https:\/\/toetsch.com\/it\/relaxsessel\/\" \/>\n<meta property=\"og:locale\" content=\"it_IT\" \/>\n<meta property=\"og:type\" content=\"article\" \/>\n<meta property=\"og:title\" content=\"Poltrona Relax - Arredamenti T\u00f6tsch srl\" \/>\n<meta property=\"og:url\" content=\"https:\/\/toetsch.com\/it\/relaxsessel\/\" \/>\n<meta property=\"og:site_name\" content=\"Arredamenti T\u00f6tsch srl\" \/>\n<meta property=\"article:publisher\" content=\"https:\/\/www.facebook.com\/pages\/Ttsch-Einrichtungshaus\/714996031848438\" \/>\n<meta property=\"article:published_time\" content=\"2025-03-31T09:45:08+00:00\" \/>\n<meta property=\"article:modified_time\" content=\"2025-10-23T15:18:55+00:00\" \/>\n<meta property=\"og:image\" content=\"https:\/\/toetsch.com\/wp-content\/uploads\/2025\/03\/499P2H-Light-16-3-scaled-1.jpg\" \/>\n\t<meta property=\"og:image:width\" content=\"1707\" \/>\n\t<meta property=\"og:image:height\" content=\"1513\" \/>\n\t<meta property=\"og:image:type\" content=\"image\/jpeg\" \/>\n<meta name=\"author\" content=\"Kurt T\u00f6tsch\" \/>\n<meta name=\"twitter:card\" content=\"summary_large_image\" \/>\n<meta name=\"twitter:label1\" content=\"Scritto da\" \/>\n\t<meta name=\"twitter:data1\" content=\"Kurt T\u00f6tsch\" \/>\n\t<meta name=\"twitter:label2\" content=\"Tempo di lettura stimato\" \/>\n\t<meta name=\"twitter:data2\" content=\"6 minuti\" \/>\n<script type=\"application\/ld+json\" class=\"yoast-schema-graph\">{\"@context\":\"https:\\\/\\\/schema.org\",\"@graph\":[{\"@type\":\"Article\",\"@id\":\"https:\\\/\\\/toetsch.com\\\/it\\\/relaxsessel\\\/#article\",\"isPartOf\":{\"@id\":\"https:\\\/\\\/toetsch.com\\\/it\\\/relaxsessel\\\/\"},\"author\":{\"name\":\"Kurt T\u00f6tsch\",\"@id\":\"https:\\\/\\\/toetsch.com\\\/it\\\/#\\\/schema\\\/person\\\/de47bc7df9a8545574bdc774e3724386\"},\"headline\":\"Poltrona Relax\",\"datePublished\":\"2025-03-31T09:45:08+00:00\",\"dateModified\":\"2025-10-23T15:18:55+00:00\",\"mainEntityOfPage\":{\"@id\":\"https:\\\/\\\/toetsch.com\\\/it\\\/relaxsessel\\\/\"},\"wordCount\":1286,\"commentCount\":0,\"publisher\":{\"@id\":\"https:\\\/\\\/toetsch.com\\\/it\\\/#organization\"},\"image\":{\"@id\":\"https:\\\/\\\/toetsch.com\\\/it\\\/relaxsessel\\\/#primaryimage\"},\"thumbnailUrl\":\"https:\\\/\\\/toetsch.com\\\/wp-content\\\/uploads\\\/2025\\\/03\\\/499P2H-Light-16-3-scaled-1.jpg\",\"articleSection\":[\"Occasioni\"],\"inLanguage\":\"it-IT\",\"potentialAction\":[{\"@type\":\"CommentAction\",\"name\":\"Comment\",\"target\":[\"https:\\\/\\\/toetsch.com\\\/it\\\/relaxsessel\\\/#respond\"]}]},{\"@type\":\"WebPage\",\"@id\":\"https:\\\/\\\/toetsch.com\\\/it\\\/relaxsessel\\\/\",\"url\":\"https:\\\/\\\/toetsch.com\\\/it\\\/relaxsessel\\\/\",\"name\":\"Poltrona Relax - Arredamenti T\u00f6tsch srl\",\"isPartOf\":{\"@id\":\"https:\\\/\\\/toetsch.com\\\/it\\\/#website\"},\"primaryImageOfPage\":{\"@id\":\"https:\\\/\\\/toetsch.com\\\/it\\\/relaxsessel\\\/#primaryimage\"},\"image\":{\"@id\":\"https:\\\/\\\/toetsch.com\\\/it\\\/relaxsessel\\\/#primaryimage\"},\"thumbnailUrl\":\"https:\\\/\\\/toetsch.com\\\/wp-content\\\/uploads\\\/2025\\\/03\\\/499P2H-Light-16-3-scaled-1.jpg\",\"datePublished\":\"2025-03-31T09:45:08+00:00\",\"dateModified\":\"2025-10-23T15:18:55+00:00\",\"breadcrumb\":{\"@id\":\"https:\\\/\\\/toetsch.com\\\/it\\\/relaxsessel\\\/#breadcrumb\"},\"inLanguage\":\"it-IT\",\"potentialAction\":[{\"@type\":\"ReadAction\",\"target\":[\"https:\\\/\\\/toetsch.com\\\/it\\\/relaxsessel\\\/\"]}]},{\"@type\":\"ImageObject\",\"inLanguage\":\"it-IT\",\"@id\":\"https:\\\/\\\/toetsch.com\\\/it\\\/relaxsessel\\\/#primaryimage\",\"url\":\"https:\\\/\\\/toetsch.com\\\/wp-content\\\/uploads\\\/2025\\\/03\\\/499P2H-Light-16-3-scaled-1.jpg\",\"contentUrl\":\"https:\\\/\\\/toetsch.com\\\/wp-content\\\/uploads\\\/2025\\\/03\\\/499P2H-Light-16-3-scaled-1.jpg\",\"width\":1707,\"height\":1513},{\"@type\":\"BreadcrumbList\",\"@id\":\"https:\\\/\\\/toetsch.com\\\/it\\\/relaxsessel\\\/#breadcrumb\",\"itemListElement\":[{\"@type\":\"ListItem\",\"position\":1,\"name\":\"Startseite\",\"item\":\"https:\\\/\\\/toetsch.com\\\/it\\\/\"},{\"@type\":\"ListItem\",\"position\":2,\"name\":\"Poltrona Relax\"}]},{\"@type\":\"WebSite\",\"@id\":\"https:\\\/\\\/toetsch.com\\\/it\\\/#website\",\"url\":\"https:\\\/\\\/toetsch.com\\\/it\\\/\",\"name\":\"Arredamenti T\u00f6tsch srl\",\"description\":\"K\u00fcchen, Schlafen, Wohnen, B\u00fcro, Design aus S\u00fcdtirol\",\"publisher\":{\"@id\":\"https:\\\/\\\/toetsch.com\\\/it\\\/#organization\"},\"potentialAction\":[{\"@type\":\"SearchAction\",\"target\":{\"@type\":\"EntryPoint\",\"urlTemplate\":\"https:\\\/\\\/toetsch.com\\\/it\\\/?s={search_term_string}\"},\"query-input\":{\"@type\":\"PropertyValueSpecification\",\"valueRequired\":true,\"valueName\":\"search_term_string\"}}],\"inLanguage\":\"it-IT\"},{\"@type\":\"Organization\",\"@id\":\"https:\\\/\\\/toetsch.com\\\/it\\\/#organization\",\"name\":\"T\u00f6tsch Einrichtungshaus\",\"alternateName\":\"Exklusive Wohnl\u00f6sungen h\u00f6chster Qualit\u00e4t\",\"url\":\"https:\\\/\\\/toetsch.com\\\/it\\\/\",\"logo\":{\"@type\":\"ImageObject\",\"inLanguage\":\"it-IT\",\"@id\":\"https:\\\/\\\/toetsch.com\\\/it\\\/#\\\/schema\\\/logo\\\/image\\\/\",\"url\":\"https:\\\/\\\/toetsch.com\\\/wp-content\\\/uploads\\\/2021\\\/01\\\/toetsch-logo-2x.png\",\"contentUrl\":\"https:\\\/\\\/toetsch.com\\\/wp-content\\\/uploads\\\/2021\\\/01\\\/toetsch-logo-2x.png\",\"width\":282,\"height\":56,\"caption\":\"T\u00f6tsch Einrichtungshaus\"},\"image\":{\"@id\":\"https:\\\/\\\/toetsch.com\\\/it\\\/#\\\/schema\\\/logo\\\/image\\\/\"},\"sameAs\":[\"https:\\\/\\\/www.facebook.com\\\/pages\\\/Ttsch-Einrichtungshaus\\\/714996031848438\"]},{\"@type\":\"Person\",\"@id\":\"https:\\\/\\\/toetsch.com\\\/it\\\/#\\\/schema\\\/person\\\/de47bc7df9a8545574bdc774e3724386\",\"name\":\"Kurt T\u00f6tsch\",\"url\":\"https:\\\/\\\/toetsch.com\\\/it\\\/author\\\/kurt\\\/\"}]}<\/script>\n<!-- \/ Yoast SEO plugin. -->","yoast_head_json":{"title":"Poltrona Relax - Arredamenti T\u00f6tsch srl","robots":{"index":"index","follow":"follow","max-snippet":"max-snippet:-1","max-image-preview":"max-image-preview:large","max-video-preview":"max-video-preview:-1"},"canonical":"https:\/\/toetsch.com\/it\/relaxsessel\/","og_locale":"it_IT","og_type":"article","og_title":"Poltrona Relax - Arredamenti T\u00f6tsch srl","og_url":"https:\/\/toetsch.com\/it\/relaxsessel\/","og_site_name":"Arredamenti T\u00f6tsch srl","article_publisher":"https:\/\/www.facebook.com\/pages\/Ttsch-Einrichtungshaus\/714996031848438","article_published_time":"2025-03-31T09:45:08+00:00","article_modified_time":"2025-10-23T15:18:55+00:00","og_image":[{"width":1707,"height":1513,"url":"https:\/\/toetsch.com\/wp-content\/uploads\/2025\/03\/499P2H-Light-16-3-scaled-1.jpg","type":"image\/jpeg"}],"author":"Kurt T\u00f6tsch","twitter_card":"summary_large_image","twitter_misc":{"Scritto da":"Kurt T\u00f6tsch","Tempo di lettura stimato":"6 minuti"},"schema":{"@context":"https:\/\/schema.org","@graph":[{"@type":"Article","@id":"https:\/\/toetsch.com\/it\/relaxsessel\/#article","isPartOf":{"@id":"https:\/\/toetsch.com\/it\/relaxsessel\/"},"author":{"name":"Kurt T\u00f6tsch","@id":"https:\/\/toetsch.com\/it\/#\/schema\/person\/de47bc7df9a8545574bdc774e3724386"},"headline":"Poltrona Relax","datePublished":"2025-03-31T09:45:08+00:00","dateModified":"2025-10-23T15:18:55+00:00","mainEntityOfPage":{"@id":"https:\/\/toetsch.com\/it\/relaxsessel\/"},"wordCount":1286,"commentCount":0,"publisher":{"@id":"https:\/\/toetsch.com\/it\/#organization"},"image":{"@id":"https:\/\/toetsch.com\/it\/relaxsessel\/#primaryimage"},"thumbnailUrl":"https:\/\/toetsch.com\/wp-content\/uploads\/2025\/03\/499P2H-Light-16-3-scaled-1.jpg","articleSection":["Occasioni"],"inLanguage":"it-IT","potentialAction":[{"@type":"CommentAction","name":"Comment","target":["https:\/\/toetsch.com\/it\/relaxsessel\/#respond"]}]},{"@type":"WebPage","@id":"https:\/\/toetsch.com\/it\/relaxsessel\/","url":"https:\/\/toetsch.com\/it\/relaxsessel\/","name":"Poltrona Relax - Arredamenti T\u00f6tsch srl","isPartOf":{"@id":"https:\/\/toetsch.com\/it\/#website"},"primaryImageOfPage":{"@id":"https:\/\/toetsch.com\/it\/relaxsessel\/#primaryimage"},"image":{"@id":"https:\/\/toetsch.com\/it\/relaxsessel\/#primaryimage"},"thumbnailUrl":"https:\/\/toetsch.com\/wp-content\/uploads\/2025\/03\/499P2H-Light-16-3-scaled-1.jpg","datePublished":"2025-03-31T09:45:08+00:00","dateModified":"2025-10-23T15:18:55+00:00","breadcrumb":{"@id":"https:\/\/toetsch.com\/it\/relaxsessel\/#breadcrumb"},"inLanguage":"it-IT","potentialAction":[{"@type":"ReadAction","target":["https:\/\/toetsch.com\/it\/relaxsessel\/"]}]},{"@type":"ImageObject","inLanguage":"it-IT","@id":"https:\/\/toetsch.com\/it\/relaxsessel\/#primaryimage","url":"https:\/\/toetsch.com\/wp-content\/uploads\/2025\/03\/499P2H-Light-16-3-scaled-1.jpg","contentUrl":"https:\/\/toetsch.com\/wp-content\/uploads\/2025\/03\/499P2H-Light-16-3-scaled-1.jpg","width":1707,"height":1513},{"@type":"BreadcrumbList","@id":"https:\/\/toetsch.com\/it\/relaxsessel\/#breadcrumb","itemListElement":[{"@type":"ListItem","position":1,"name":"Startseite","item":"https:\/\/toetsch.com\/it\/"},{"@type":"ListItem","position":2,"name":"Poltrona Relax"}]},{"@type":"WebSite","@id":"https:\/\/toetsch.com\/it\/#website","url":"https:\/\/toetsch.com\/it\/","name":"Arredamenti T\u00f6tsch srl","description":"K\u00fcchen, Schlafen, Wohnen, B\u00fcro, Design aus S\u00fcdtirol","publisher":{"@id":"https:\/\/toetsch.com\/it\/#organization"},"potentialAction":[{"@type":"SearchAction","target":{"@type":"EntryPoint","urlTemplate":"https:\/\/toetsch.com\/it\/?s={search_term_string}"},"query-input":{"@type":"PropertyValueSpecification","valueRequired":true,"valueName":"search_term_string"}}],"inLanguage":"it-IT"},{"@type":"Organization","@id":"https:\/\/toetsch.com\/it\/#organization","name":"T\u00f6tsch Einrichtungshaus","alternateName":"Exklusive Wohnl\u00f6sungen h\u00f6chster Qualit\u00e4t","url":"https:\/\/toetsch.com\/it\/","logo":{"@type":"ImageObject","inLanguage":"it-IT","@id":"https:\/\/toetsch.com\/it\/#\/schema\/logo\/image\/","url":"https:\/\/toetsch.com\/wp-content\/uploads\/2021\/01\/toetsch-logo-2x.png","contentUrl":"https:\/\/toetsch.com\/wp-content\/uploads\/2021\/01\/toetsch-logo-2x.png","width":282,"height":56,"caption":"T\u00f6tsch Einrichtungshaus"},"image":{"@id":"https:\/\/toetsch.com\/it\/#\/schema\/logo\/image\/"},"sameAs":["https:\/\/www.facebook.com\/pages\/Ttsch-Einrichtungshaus\/714996031848438"]},{"@type":"Person","@id":"https:\/\/toetsch.com\/it\/#\/schema\/person\/de47bc7df9a8545574bdc774e3724386","name":"Kurt T\u00f6tsch","url":"https:\/\/toetsch.com\/it\/author\/kurt\/"}]}},"_links":{"self":[{"href":"https:\/\/toetsch.com\/it\/wp-json\/wp\/v2\/posts\/4411","targetHints":{"allow":["GET"]}}],"collection":[{"href":"https:\/\/toetsch.com\/it\/wp-json\/wp\/v2\/posts"}],"about":[{"href":"https:\/\/toetsch.com\/it\/wp-json\/wp\/v2\/types\/post"}],"author":[{"embeddable":true,"href":"https:\/\/toetsch.com\/it\/wp-json\/wp\/v2\/users\/4"}],"replies":[{"embeddable":true,"href":"https:\/\/toetsch.com\/it\/wp-json\/wp\/v2\/comments?post=4411"}],"version-history":[{"count":4,"href":"https:\/\/toetsch.com\/it\/wp-json\/wp\/v2\/posts\/4411\/revisions"}],"predecessor-version":[{"id":4558,"href":"https:\/\/toetsch.com\/it\/wp-json\/wp\/v2\/posts\/4411\/revisions\/4558"}],"wp:featuredmedia":[{"embeddable":true,"href":"https:\/\/toetsch.com\/it\/wp-json\/wp\/v2\/media\/4557"}],"wp:attachment":[{"href":"https:\/\/toetsch.com\/it\/wp-json\/wp\/v2\/media?parent=4411"}],"wp:term":[{"taxonomy":"category","embeddable":true,"href":"https:\/\/toetsch.com\/it\/wp-json\/wp\/v2\/categories?post=4411"},{"taxonomy":"post_tag","embeddable":true,"href":"https:\/\/toetsch.com\/it\/wp-json\/wp\/v2\/tags?post=4411"}],"curies":[{"name":"wp","href":"https:\/\/api.w.org\/{rel}","templated":true}]}}