{"id":4,"name":"Kurt T\u00f6tsch","url":"","description":"","link":"https:\/\/toetsch.com\/it\/author\/kurt\/","slug":"kurt","meta":[],"acf":[],"yoast_head":"<!-- This site is optimized with the Yoast SEO plugin v27.4 - https:\/\/yoast.com\/product\/yoast-seo-wordpress\/ -->\n<title>Kurt T\u00f6tsch, Autor bei Arredamenti T\u00f6tsch srl<\/title>\n<meta name=\"robots\" content=\"index, follow, max-snippet:-1, max-image-preview:large, max-video-preview:-1\" \/>\n<link rel=\"canonical\" href=\"https:\/\/toetsch.com\/it\/author\/kurt\/\" \/>\n<meta property=\"og:locale\" content=\"it_IT\" \/>\n<meta property=\"og:type\" content=\"profile\" \/>\n<meta property=\"og:title\" content=\"Kurt T\u00f6tsch, Autor bei Arredamenti T\u00f6tsch srl\" \/>\n<meta property=\"og:url\" content=\"https:\/\/toetsch.com\/author\/kurt\/\" \/>\n<meta property=\"og:site_name\" content=\"Arredamenti T\u00f6tsch srl\" \/>\n<meta property=\"og:image\" content=\"https:\/\/secure.gravatar.com\/avatar\/7a67a476fcdb37a82bcaffbb3b63e0cb?s=500&d=mm&r=g\" \/>\n<meta name=\"twitter:card\" content=\"summary_large_image\" \/>\n<script type=\"application\/ld+json\" class=\"yoast-schema-graph\">{\"@context\":\"https:\\\/\\\/schema.org\",\"@graph\":[{\"@type\":\"ProfilePage\",\"@id\":\"https:\\\/\\\/toetsch.com\\\/author\\\/kurt\\\/\",\"url\":\"https:\\\/\\\/toetsch.com\\\/author\\\/kurt\\\/\",\"name\":\"Kurt T\u00f6tsch, Autor bei Arredamenti T\u00f6tsch srl\",\"isPartOf\":{\"@id\":\"https:\\\/\\\/toetsch.com\\\/it\\\/#website\"},\"breadcrumb\":{\"@id\":\"https:\\\/\\\/toetsch.com\\\/author\\\/kurt\\\/#breadcrumb\"},\"inLanguage\":\"it-IT\",\"potentialAction\":[{\"@type\":\"ReadAction\",\"target\":[\"https:\\\/\\\/toetsch.com\\\/author\\\/kurt\\\/\"]}]},{\"@type\":\"BreadcrumbList\",\"@id\":\"https:\\\/\\\/toetsch.com\\\/author\\\/kurt\\\/#breadcrumb\",\"itemListElement\":[{\"@type\":\"ListItem\",\"position\":1,\"name\":\"Startseite\",\"item\":\"https:\\\/\\\/toetsch.com\\\/it\\\/\"},{\"@type\":\"ListItem\",\"position\":2,\"name\":\"Archive f\u00fcr Kurt T\u00f6tsch\"}]},{\"@type\":\"WebSite\",\"@id\":\"https:\\\/\\\/toetsch.com\\\/it\\\/#website\",\"url\":\"https:\\\/\\\/toetsch.com\\\/it\\\/\",\"name\":\"Arredamenti T\u00f6tsch srl\",\"description\":\"K\u00fcchen, Schlafen, Wohnen, B\u00fcro, Design aus S\u00fcdtirol\",\"publisher\":{\"@id\":\"https:\\\/\\\/toetsch.com\\\/it\\\/#organization\"},\"potentialAction\":[{\"@type\":\"SearchAction\",\"target\":{\"@type\":\"EntryPoint\",\"urlTemplate\":\"https:\\\/\\\/toetsch.com\\\/it\\\/?s={search_term_string}\"},\"query-input\":{\"@type\":\"PropertyValueSpecification\",\"valueRequired\":true,\"valueName\":\"search_term_string\"}}],\"inLanguage\":\"it-IT\"},{\"@type\":\"Organization\",\"@id\":\"https:\\\/\\\/toetsch.com\\\/it\\\/#organization\",\"name\":\"T\u00f6tsch Einrichtungshaus\",\"alternateName\":\"Exklusive Wohnl\u00f6sungen h\u00f6chster Qualit\u00e4t\",\"url\":\"https:\\\/\\\/toetsch.com\\\/it\\\/\",\"logo\":{\"@type\":\"ImageObject\",\"inLanguage\":\"it-IT\",\"@id\":\"https:\\\/\\\/toetsch.com\\\/it\\\/#\\\/schema\\\/logo\\\/image\\\/\",\"url\":\"https:\\\/\\\/toetsch.com\\\/wp-content\\\/uploads\\\/2021\\\/01\\\/toetsch-logo-2x.png\",\"contentUrl\":\"https:\\\/\\\/toetsch.com\\\/wp-content\\\/uploads\\\/2021\\\/01\\\/toetsch-logo-2x.png\",\"width\":282,\"height\":56,\"caption\":\"T\u00f6tsch Einrichtungshaus\"},\"image\":{\"@id\":\"https:\\\/\\\/toetsch.com\\\/it\\\/#\\\/schema\\\/logo\\\/image\\\/\"},\"sameAs\":[\"https:\\\/\\\/www.facebook.com\\\/pages\\\/Ttsch-Einrichtungshaus\\\/714996031848438\"]},{\"@type\":\"Person\",\"@id\":\"https:\\\/\\\/toetsch.com\\\/it\\\/#\\\/schema\\\/person\\\/de47bc7df9a8545574bdc774e3724386\",\"name\":\"Kurt T\u00f6tsch\",\"mainEntityOfPage\":{\"@id\":\"https:\\\/\\\/toetsch.com\\\/author\\\/kurt\\\/\"}}]}<\/script>\n<!-- \/ Yoast SEO plugin. -->","yoast_head_json":{"title":"Kurt T\u00f6tsch, Autor bei Arredamenti T\u00f6tsch srl","robots":{"index":"index","follow":"follow","max-snippet":"max-snippet:-1","max-image-preview":"max-image-preview:large","max-video-preview":"max-video-preview:-1"},"canonical":"https:\/\/toetsch.com\/it\/author\/kurt\/","og_locale":"it_IT","og_type":"profile","og_title":"Kurt T\u00f6tsch, Autor bei Arredamenti T\u00f6tsch srl","og_url":"https:\/\/toetsch.com\/author\/kurt\/","og_site_name":"Arredamenti T\u00f6tsch srl","og_image":[{"url":"https:\/\/secure.gravatar.com\/avatar\/7a67a476fcdb37a82bcaffbb3b63e0cb?s=500&d=mm&r=g","type":"","width":"","height":""}],"twitter_card":"summary_large_image","schema":{"@context":"https:\/\/schema.org","@graph":[{"@type":"ProfilePage","@id":"https:\/\/toetsch.com\/author\/kurt\/","url":"https:\/\/toetsch.com\/author\/kurt\/","name":"Kurt T\u00f6tsch, Autor bei Arredamenti T\u00f6tsch srl","isPartOf":{"@id":"https:\/\/toetsch.com\/it\/#website"},"breadcrumb":{"@id":"https:\/\/toetsch.com\/author\/kurt\/#breadcrumb"},"inLanguage":"it-IT","potentialAction":[{"@type":"ReadAction","target":["https:\/\/toetsch.com\/author\/kurt\/"]}]},{"@type":"BreadcrumbList","@id":"https:\/\/toetsch.com\/author\/kurt\/#breadcrumb","itemListElement":[{"@type":"ListItem","position":1,"name":"Startseite","item":"https:\/\/toetsch.com\/it\/"},{"@type":"ListItem","position":2,"name":"Archive f\u00fcr Kurt T\u00f6tsch"}]},{"@type":"WebSite","@id":"https:\/\/toetsch.com\/it\/#website","url":"https:\/\/toetsch.com\/it\/","name":"Arredamenti T\u00f6tsch srl","description":"K\u00fcchen, Schlafen, Wohnen, B\u00fcro, Design aus S\u00fcdtirol","publisher":{"@id":"https:\/\/toetsch.com\/it\/#organization"},"potentialAction":[{"@type":"SearchAction","target":{"@type":"EntryPoint","urlTemplate":"https:\/\/toetsch.com\/it\/?s={search_term_string}"},"query-input":{"@type":"PropertyValueSpecification","valueRequired":true,"valueName":"search_term_string"}}],"inLanguage":"it-IT"},{"@type":"Organization","@id":"https:\/\/toetsch.com\/it\/#organization","name":"T\u00f6tsch Einrichtungshaus","alternateName":"Exklusive Wohnl\u00f6sungen h\u00f6chster Qualit\u00e4t","url":"https:\/\/toetsch.com\/it\/","logo":{"@type":"ImageObject","inLanguage":"it-IT","@id":"https:\/\/toetsch.com\/it\/#\/schema\/logo\/image\/","url":"https:\/\/toetsch.com\/wp-content\/uploads\/2021\/01\/toetsch-logo-2x.png","contentUrl":"https:\/\/toetsch.com\/wp-content\/uploads\/2021\/01\/toetsch-logo-2x.png","width":282,"height":56,"caption":"T\u00f6tsch Einrichtungshaus"},"image":{"@id":"https:\/\/toetsch.com\/it\/#\/schema\/logo\/image\/"},"sameAs":["https:\/\/www.facebook.com\/pages\/Ttsch-Einrichtungshaus\/714996031848438"]},{"@type":"Person","@id":"https:\/\/toetsch.com\/it\/#\/schema\/person\/de47bc7df9a8545574bdc774e3724386","name":"Kurt T\u00f6tsch","mainEntityOfPage":{"@id":"https:\/\/toetsch.com\/author\/kurt\/"}}]}},"_links":{"self":[{"href":"https:\/\/toetsch.com\/it\/wp-json\/wp\/v2\/users\/4","targetHints":{"allow":["GET"]}}],"collection":[{"href":"https:\/\/toetsch.com\/it\/wp-json\/wp\/v2\/users"}]}}